{"id":97,"date":"2023-03-30T09:48:31","date_gmt":"2023-03-30T07:48:31","guid":{"rendered":"http:\/\/ksiegowosc-opole.pl\/?p=97"},"modified":"2023-08-28T10:20:18","modified_gmt":"2023-08-28T08:20:18","slug":"roczne-rozliczenie-skladki-zdrowotnej-za-2022-rok-jak-to-zrobic","status":"publish","type":"post","link":"http:\/\/ksiegowosc-opole.pl\/?p=97","title":{"rendered":"Roczne rozliczenie sk\u0142adki zdrowotnej za 2022 rok. Jak to zrobi\u0107?"},"content":{"rendered":"\n<p><strong>Przedsi\u0119biorcy musz\u0105 do 22 maja 2023 roku wys\u0142a\u0107 do ZUS roczne rozliczenie sk\u0142adki zdrowotnej za poprzedni rok. To nowy obowi\u0105zek.<\/strong><\/p>\n\n\n\n<p><strong>Kto musi rozliczy\u0107 roczn\u0105 sk\u0142adk\u0119 zdrowotn\u0105?<\/strong><\/p>\n\n\n\n<p><strong>Obowi\u0105zek rocznego rozliczenia sk\u0142adki zdrowotnej<\/strong>&nbsp;spoczywa na przedsi\u0119biorcach, kt\u00f3rzy w roku 2022 byli opodatkowani:<\/p>\n\n\n\n<ul>\n<li>na zasadach og\u00f3lnych;<\/li>\n\n\n\n<li>podatkiem liniowym;<\/li>\n\n\n\n<li>rycza\u0142tem od przychod\u00f3w ewidencjonowanych.<\/li>\n<\/ul>\n\n\n\n<p><strong>Kogo nie dotyczy ten obowi\u0105zek?<\/strong><\/p>\n\n\n\n<p>Natomiast<strong>&nbsp;rocznego rozliczenia sk\u0142adki zdrowotnej nie dokonuj\u0105 przedsi\u0119biorcy<\/strong>, kt\u00f3rzy w roku 2022 byli:<\/p>\n\n\n\n<ul>\n<li>opodatkowani kart\u0105 podatkow\u0105;<\/li>\n\n\n\n<li>wsp\u00f3lnikami sp\u00f3\u0142ek komandytowych;&nbsp;<\/li>\n\n\n\n<li>wsp\u00f3lnikami jednoosobowych sp\u00f3\u0142ek z o.o.;&nbsp;<\/li>\n\n\n\n<li>tw\u00f3rcami i artystami (o ile nie jest to ich przedmiotem dzia\u0142alno\u015bci);<\/li>\n\n\n\n<li>osobami wsp\u00f3\u0142pracuj\u0105cymi.&nbsp;<\/li>\n<\/ul>\n\n\n\n<p><strong>Roczna sk\u0142adka zdrowotna \u2013 jak j\u0105 wyliczy\u0107?<\/strong><\/p>\n\n\n\n<p><strong>Wysoko\u015b\u0107 rocznej sk\u0142adki zdrowotnej zale\u017cy od formy opodatkowania<\/strong>. Poni\u017cej t\u0142umaczymy, jak j\u0105 obliczy\u0107.<\/p>\n\n\n\n<p><strong>Roczne rozliczenie sk\u0142adki zdrowotnej \u2013 podatek liniowy i skala<\/strong><\/p>\n\n\n\n<p>Przedsi\u0119biorcy opodatkowani w roku 2022 na:&nbsp;<\/p>\n\n\n\n<ul>\n<li>zasadach og\u00f3lnych;<\/li>\n\n\n\n<li>podatku liniowym;<\/li>\n<\/ul>\n\n\n\n<p>wyliczaj\u0105c sk\u0142adk\u0119 zdrowotn\u0105, bior\u0105 pod uwag\u0119 swoje<strong>&nbsp;dochody osi\u0105gni\u0119te w okresie od stycznia do grudnia 2022<\/strong>.&nbsp;<\/p>\n\n\n\n<p>Aby dokona\u0107 rozliczenia, nale\u017cy po pierwsze obliczy\u0107 wysoko\u015b\u0107 rocznej sk\u0142adki zdrowotnej. Musimy wi\u0119c:<\/p>\n\n\n\n<ol>\n<li><strong>Przeliczy\u0107 roczny doch\u00f3d<\/strong>&nbsp;\u2013 czyli przych\u00f3d osi\u0105gni\u0119ty w 2022 roku pomniejszamy o poniesione koszty i zap\u0142acone sk\u0142adki spo\u0142eczne (je\u015bli nie zaliczyli\u015bmy ich wcze\u015bniej do koszt\u00f3w).<\/li>\n\n\n\n<li><strong>Doch\u00f3d obni\u017camy o ujemny remanent<\/strong>, o ile taki mieli\u015bmy.&nbsp;<\/li>\n\n\n\n<li><strong>Wyliczamy warto\u015b\u0107 rocznej sk\u0142adki zdrowotnej<\/strong>. Wynosi ona:<\/li>\n<\/ol>\n\n\n\n<ul>\n<li>9% rocznego dochodu na zasadach og\u00f3lnych<\/li>\n\n\n\n<li>4,9% rocznego dochodu na podatku liniowym.<\/li>\n<\/ul>\n\n\n\n<p><strong>Roczne rozliczenie sk\u0142adki zdrowotnej na rycza\u0142cie<\/strong><\/p>\n\n\n\n<p>Inne zasady wyliczenia rocznej sk\u0142adki zdrowotnej obowi\u0105zuj\u0105 osoby opodatkowane w 2022 roku rycza\u0142tem. W ich przypadku rok sk\u0142adkowy trwa od 1 stycznia do 31 grudnia.&nbsp;<\/p>\n\n\n\n<p>Wysoko\u015b\u0107&nbsp;<strong>rocznej sk\u0142adki zdrowotnej u rycza\u0142towc\u00f3w uzale\u017cniona jest od przychodu za ca\u0142y rok 2022<\/strong>. Jak ju\u017c zweryfikujemy nasz przych\u00f3d za ca\u0142y rok, liczymy roczn\u0105 sk\u0142adk\u0119 ze wzoru:&nbsp;<\/p>\n\n\n\n<p>ROCZNA SK\u0141ADKA ZDROWOTNA: WZ\u00d3R<\/p>\n\n\n\n<p><strong>liczba miesi\u0119cy x warto\u015b\u0107 stawki miesi\u0119cznej = sk\u0142adka roczna<\/strong><\/p>\n\n\n\n<p><strong>Wysoko\u015b\u0107 rocznej sk\u0142adki zdrowotnej na rycza\u0142cie<\/strong><\/p>\n\n\n\n<p><strong>Roczna sk\u0142adka zdrowotna na rycza\u0142cie dla przedsi\u0119biorcy, kt\u00f3ry prowadzi\u0142 dzia\u0142alno\u015b\u0107 przez ca\u0142e 12 miesi\u0119cy<\/strong>, wynosi \u2013 zale\u017cnie od rocznego przychodu:<\/p>\n\n\n\n<ul>\n<li>do&nbsp; 60 tys. z\u0142 przychodu: 12 x 335,94 z\u0142, czyli&nbsp;<strong>4031,28 z\u0142<\/strong>;<\/li>\n\n\n\n<li>mi\u0119dzy 60 tys. z\u0142 a 300 tys. z\u0142 miesi\u0119czna wysoko\u015b\u0107 sk\u0142adki zdrowotnej w roku 2022 wynosi\u0142a 559,89. Roczna sk\u0142adka dla przychod\u00f3w w tym przedziale to wi\u0119c&nbsp;<strong>6718,68<\/strong>;<\/li>\n\n\n\n<li>powy\u017cej 300 tys. z\u0142 \u2013 roczna sk\u0142adka wynosi 12 x 1 007,81 z\u0142, czyli&nbsp;<strong>12 093,72 z\u0142.<\/strong><\/li>\n<\/ul>\n\n\n\n<p><strong>Do kiedy roczne rozliczenie sk\u0142adki zdrowotne za 2022 rok?<\/strong><\/p>\n\n\n\n<p><strong>Roczne rozliczenie sk\u0142adki zdrowotnej musisz przekaza\u0107 do ZUS w terminie do 22 maja<\/strong>. Termin ten dotyczy wszystkich niezale\u017cnie od formy opodatkowania (skala, lini\u00f3wka i rycza\u0142t).<\/p>\n\n\n\n<p><strong>Do 22 maja musisz te\u017c uregulowa\u0107 niedop\u0142at\u0119, je\u017celi wynika ona z rocznego rozliczenia sk\u0142adki<\/strong>. W przypadku, gdy nie dokonasz rocznego rozliczenia sk\u0142adu zdrowotnej, ZUS zrobi to za Ciebie. Warto jednak samodzielnie wywi\u0105za\u0107 si\u0119 z tego obowi\u0105zku, by mie\u0107 pe\u0142n\u0105 jasno\u015b\u0107 co do wyliczonych kwot.<\/p>\n\n\n\n<p><strong>Jak dokona\u0107 rozliczenia rocznego sk\u0142adki zdrowotnej?&nbsp;<\/strong><\/p>\n\n\n\n<p>Roczn\u0105 sk\u0142adk\u0119 zdrowotn\u0105 rozliczysz:<\/p>\n\n\n\n<ul>\n<li><strong>w deklaracji rozliczeniowej DRA<\/strong>&nbsp;\u2013 je\u015bli p\u0142acisz sk\u0142adk\u0119 zdrowotn\u0105 tylko za siebie;<\/li>\n\n\n\n<li><strong>w raporcie imiennym RCA<\/strong>&nbsp;\u2013 je\u015bli op\u0142acasz sk\u0142adki tak\u017ce za innych ubezpieczonych.<\/li>\n<\/ul>\n\n\n\n<p>Zrobisz to w deklaracjach za kwiecie\u0144 2023 roku.&nbsp;<\/p>\n\n\n\n<p>Dane dotycz\u0105ce rocznej sk\u0142adki na ubezpieczenie zdrowotne musisz wykaza\u0107 w bloku XII deklaracji rozliczeniowej DRA lub bloku III.F raportu imiennego ZUS RCA.&nbsp;<\/p>\n\n\n\n<p>Zapraszam do kontaktu z moim<a href=\"http:\/\/ksiegowosc-opole.pl\" data-type=\"URL\" data-id=\"ksiegogosc-opole.pl\">\u00a0biurem rachunkowym w Opolu<\/a><\/p>\n","protected":false},"excerpt":{"rendered":"<p>Przedsi\u0119biorcy musz\u0105 do 22 maja 2023 roku wys\u0142a\u0107 do ZUS roczne rozliczenie sk\u0142adki zdrowotnej za poprzedni rok. To nowy obowi\u0105zek. Kto musi rozliczy\u0107 roczn\u0105 sk\u0142adk\u0119 zdrowotn\u0105? Obowi\u0105zek rocznego rozliczenia sk\u0142adki zdrowotnej&nbsp;spoczywa na przedsi\u0119biorcach, kt\u00f3rzy w roku 2022 byli opodatkowani: Kogo nie dotyczy ten obowi\u0105zek? Natomiast&nbsp;rocznego rozliczenia sk\u0142adki zdrowotnej nie dokonuj\u0105 przedsi\u0119biorcy, kt\u00f3rzy w roku 2022 &hellip;<\/p>\n<p class=\"read-more\"> <a class=\"\" href=\"http:\/\/ksiegowosc-opole.pl\/?p=97\"> <span class=\"screen-reader-text\">Roczne rozliczenie sk\u0142adki zdrowotnej za 2022 rok. Jak to zrobi\u0107?<\/span> Read More &raquo;<\/a><\/p>\n","protected":false},"author":1,"featured_media":0,"comment_status":"closed","ping_status":"closed","sticky":false,"template":"","format":"standard","meta":{"site-sidebar-layout":"default","site-content-layout":"default","ast-global-header-display":"","ast-main-header-display":"","ast-hfb-above-header-display":"","ast-hfb-below-header-display":"","ast-hfb-mobile-header-display":"","site-post-title":"","ast-breadcrumbs-content":"","ast-featured-img":"","footer-sml-layout":"","theme-transparent-header-meta":"","adv-header-id-meta":"","stick-header-meta":"","header-above-stick-meta":"","header-main-stick-meta":"","header-below-stick-meta":"","footnotes":""},"categories":[4],"tags":[],"_links":{"self":[{"href":"http:\/\/ksiegowosc-opole.pl\/index.php?rest_route=\/wp\/v2\/posts\/97"}],"collection":[{"href":"http:\/\/ksiegowosc-opole.pl\/index.php?rest_route=\/wp\/v2\/posts"}],"about":[{"href":"http:\/\/ksiegowosc-opole.pl\/index.php?rest_route=\/wp\/v2\/types\/post"}],"author":[{"embeddable":true,"href":"http:\/\/ksiegowosc-opole.pl\/index.php?rest_route=\/wp\/v2\/users\/1"}],"replies":[{"embeddable":true,"href":"http:\/\/ksiegowosc-opole.pl\/index.php?rest_route=%2Fwp%2Fv2%2Fcomments&post=97"}],"version-history":[{"count":3,"href":"http:\/\/ksiegowosc-opole.pl\/index.php?rest_route=\/wp\/v2\/posts\/97\/revisions"}],"predecessor-version":[{"id":134,"href":"http:\/\/ksiegowosc-opole.pl\/index.php?rest_route=\/wp\/v2\/posts\/97\/revisions\/134"}],"wp:attachment":[{"href":"http:\/\/ksiegowosc-opole.pl\/index.php?rest_route=%2Fwp%2Fv2%2Fmedia&parent=97"}],"wp:term":[{"taxonomy":"category","embeddable":true,"href":"http:\/\/ksiegowosc-opole.pl\/index.php?rest_route=%2Fwp%2Fv2%2Fcategories&post=97"},{"taxonomy":"post_tag","embeddable":true,"href":"http:\/\/ksiegowosc-opole.pl\/index.php?rest_route=%2Fwp%2Fv2%2Ftags&post=97"}],"curies":[{"name":"wp","href":"https:\/\/api.w.org\/{rel}","templated":true}]}}